{"id":249,"date":"2011-07-27T23:58:08","date_gmt":"2011-07-27T21:58:08","guid":{"rendered":"http:\/\/vitarhojen.nu\/?p=249"},"modified":"2011-07-27T23:59:55","modified_gmt":"2011-07-27T21:59:55","slug":"na-nu-far-det-racka","status":"publish","type":"post","link":"https:\/\/vitarhojen.nu\/?p=249","title":{"rendered":"N\u00e4, nu f\u00e5r det r\u00e4cka"},"content":{"rendered":"<p>Efter en r\u00e4tt tidig kv\u00e4ll i g\u00e5r s\u00e5 sl\u00e5r vi upp v\u00e5ra bl\u00e5 och m\u00f6ts av en gr\u00e5 himmel, men det \u00e4r uppeh\u00e5ll. N\u00e4r vi har v\u00e4ntat i oss frukosten, f\u00f6r det \u00e4r nog bland de l\u00e5ngsammaste vi varit med om, och packat packningen s\u00e5 gick vi den korta v\u00e4gen till Auschwitz I f\u00f6r att se n\u00e4r vi kunde hitta en guidad tur. 9:30, en hel timme tidigare \u00e4n vad jag trodde s\u00e5 b\u00f6rjade v\u00e5r tur och i samma stund s\u00e5 b\u00f6rjade \u00e4ven regnet. Vi knatade runt i Auschwitz I i ungef\u00e4r 2 timmar och fick en skapligt grundlig genomg\u00e5ng. Medans vi \u00e5kte med buss till Auschwitz II Birkenau s\u00e5 tilltog regnet och jag k\u00e4nde mig s\u00e5 d\u00e4r road \u00f6ver det i farfarstr\u00f6ja och jeans, regnjackan skulle jag ju sj\u00e4lvklart inte beh\u00f6va&#8230;<br \/>\nH\u00e4r klafsade vi runt i ungef\u00e4r en timme och en del bilder togs d\u00e5 jag var lite d\u00e5lig p\u00e5 detta f\u00f6rra \u00e5ret just h\u00e4r.<br \/>\nBerry hittade \u00e4ven ett sp\u00e5r av aliens fr\u00e5n tornet..<a  href='http:\/\/vitarhojen.nu\/wp-content\/gallery\/go-east-11\/dsc_1501.jpg' title=''><img src='http:\/\/vitarhojen.nu\/wp-content\/gallery\/go-east-11\/thumbs\/thumbs_dsc_1501.jpg' alt='Sp\u00e5r av rymdisar' class='ngg-singlepic ngg-left' \/><\/a><\/p>\n<p>Hungriga var vi n\u00e4r sj\u00f6bl\u00f6ta kom tillbaka och t\u00e4nke att en pizza skulle sitta r\u00e4tt, vilket den kanske gjorde, men pizzerian kommer nog inte p\u00e5 pris f\u00f6r sin trevlighet&#8230;<a  href='http:\/\/vitarhojen.nu\/wp-content\/gallery\/go-east-11\/dsc_1522.jpg' title=''><img src='http:\/\/vitarhojen.nu\/wp-content\/gallery\/go-east-11\/thumbs\/thumbs_dsc_1522.jpg' alt='H\u00e4r tog den polska trevligheten slut' class='ngg-singlepic ngg-right' \/><\/a> i \u00e5r heller.<\/p>\n<p>Uppeh\u00e5ll n\u00e4r vi begav oss iv\u00e4g dock s\u00e5 s\u00e4krade vi b\u00e5da tv\u00e5 med regnbrallor p\u00e5 efter som regnet h\u00e4ngde i luften i l\u00e5nga lianer. Och mycket riktigt, efter en liten stund b\u00f6rjar det dugga, och efter n\u00e5gon timme tilltar det.<br \/>\nDet olustiga h\u00e4r \u00e4r v\u00e4l att ju roligare v\u00e4gen var (egentligen) ju mer regnade det s\u00e5 den var lite sv\u00e5r att utnyttja p\u00e5 b\u00e4sta s\u00e4tt. Uppenbart s\u00e5 lyckades vi med konststycket att ta oss hit till Zakopane utan att klota, dock med bl\u00f6ta f\u00f6tter och lite frusna.<\/p>\n<p>Efter dusch s\u00e5 s\u00e5 vart det den sedvanliga After-ride b\u00e4rsen innan vi gjorde huvudgatan h\u00e4r med en del ink\u00f6p.<br \/>\nMat intogs p\u00e5 samma st\u00e4lle som jag slank in p\u00e5 f\u00f6rra \u00e5ret f\u00f6r det var ju bra d\u00e5 och var nu ocks\u00e5.<br \/>\nEtt snabbt f\u00f6rs\u00f6k till klubbning gjordes ocks\u00e5, men ett str\u00e5lande resultat m\u00e5ste vi nog s\u00e4ga. Inte helt ovanligt har Berra lyckats somna medans jag kladdar h\u00e4r s\u00e5 nu \u00e4r det dax att sova ikapp.<\/p>\n<p>Dr\u00f6m s\u00f6tt<\/p>\n<h3>Related Images:<\/h3>","protected":false},"excerpt":{"rendered":"<p>Efter en r\u00e4tt tidig kv\u00e4ll i g\u00e5r s\u00e5 sl\u00e5r vi upp v\u00e5ra bl\u00e5 och m\u00f6ts av en gr\u00e5 himmel, men det \u00e4r uppeh\u00e5ll. N\u00e4r vi har v\u00e4ntat i oss frukosten, f\u00f6r det \u00e4r nog bland de l\u00e5ngsammaste vi varit med om, och packat packningen s\u00e5 gick vi den korta v\u00e4gen till Auschwitz I f\u00f6r att <span style=\"color:#777\"> . . . &rarr; Read More: <a href=\"https:\/\/vitarhojen.nu\/?p=249\">N\u00e4, nu f\u00e5r det r\u00e4cka<\/a><\/span><\/p>\n","protected":false},"author":1,"featured_media":0,"comment_status":"open","ping_status":"open","sticky":false,"template":"","format":"standard","meta":{"ngg_post_thumbnail":0,"footnotes":""},"categories":[32],"tags":[9,48,33,8,14],"class_list":["post-249","post","type-post","status-publish","format-standard","hentry","category-go-east-11","tag-auschwitz","tag-birkenau","tag-go-east-11-2","tag-polen","tag-zakopane-2","odd"],"_links":{"self":[{"href":"https:\/\/vitarhojen.nu\/index.php?rest_route=\/wp\/v2\/posts\/249","targetHints":{"allow":["GET"]}}],"collection":[{"href":"https:\/\/vitarhojen.nu\/index.php?rest_route=\/wp\/v2\/posts"}],"about":[{"href":"https:\/\/vitarhojen.nu\/index.php?rest_route=\/wp\/v2\/types\/post"}],"author":[{"embeddable":true,"href":"https:\/\/vitarhojen.nu\/index.php?rest_route=\/wp\/v2\/users\/1"}],"replies":[{"embeddable":true,"href":"https:\/\/vitarhojen.nu\/index.php?rest_route=%2Fwp%2Fv2%2Fcomments&post=249"}],"version-history":[{"count":4,"href":"https:\/\/vitarhojen.nu\/index.php?rest_route=\/wp\/v2\/posts\/249\/revisions"}],"predecessor-version":[{"id":253,"href":"https:\/\/vitarhojen.nu\/index.php?rest_route=\/wp\/v2\/posts\/249\/revisions\/253"}],"wp:attachment":[{"href":"https:\/\/vitarhojen.nu\/index.php?rest_route=%2Fwp%2Fv2%2Fmedia&parent=249"}],"wp:term":[{"taxonomy":"category","embeddable":true,"href":"https:\/\/vitarhojen.nu\/index.php?rest_route=%2Fwp%2Fv2%2Fcategories&post=249"},{"taxonomy":"post_tag","embeddable":true,"href":"https:\/\/vitarhojen.nu\/index.php?rest_route=%2Fwp%2Fv2%2Ftags&post=249"}],"curies":[{"name":"wp","href":"https:\/\/api.w.org\/{rel}","templated":true}]}}