{"id":60,"date":"2010-09-07T18:24:39","date_gmt":"2010-09-07T16:24:39","guid":{"rendered":"http:\/\/vitarhojen.nu\/?p=60"},"modified":"2010-09-08T21:01:37","modified_gmt":"2010-09-08T19:01:37","slug":"upptakten","status":"publish","type":"post","link":"https:\/\/vitarhojen.nu\/?p=60","title":{"rendered":"Upptakten"},"content":{"rendered":"<p>Det var ganska l\u00e4nge sen som jag och Berra kom p\u00e5 det h\u00e4r med en hoj-semester i delar av det forna Warsawapakten. Att resans datum sen valdes till tidig h\u00f6st berodde dels p\u00e5 att Barry skulle ha polare i Wien och att alla hotell kanske inte \u00e4r fullbokade s\u00e5 man m\u00e5ste g\u00f6ra en minutplanerad resplan utan kan ta dagen lite mer som den kommer.<\/p>\n<p>Sen h\u00e4nder det att den gode Bertil g\u00e5r och f\u00e5r arbete, och det skapar det lilla problemet att han inte har lediga dagar till resan (enligt plan d\u00e5, nio dagar).<\/p>\n<p>Jag fick d\u00e5 l\u00e4gga min stackars panna i djupa veck, skulle jag ocks\u00e5 st\u00e5 \u00f6ver resan, skulle jag resa n\u00e5gon annanstans, skulle jag g\u00f6ra n\u00e5got helt annat eller ska jag chansa och g\u00f6ra resan ensam&#8230; Valet f\u00f6ll p\u00e5 att genomf\u00f6ra resan sj\u00e4lv, vi f\u00e5r se om det blir hela eller delar av den. Samtidigt b\u00f6rjade en jakt med ljus och lykta efter n\u00e5gon trevlig person som ocks\u00e5 hade semester kvar (eller var &#8220;mellan arbeten&#8221; eller liknande), m\u00e4rkligt nog s\u00e5 har jag uppenbart inga v\u00e4nner som passar in p\u00e5 n\u00e5got av dem s\u00e5 idag, fem dagar innan f\u00e4rjan g\u00e5r, s\u00e5 \u00e4r det en solo resa, men jag h\u00e5ller \u00f6gonen \u00f6ppna.<\/p>\n<h3>Related Images:<\/h3>","protected":false},"excerpt":{"rendered":"<p>Det var ganska l\u00e4nge sen som jag och Berra kom p\u00e5 det h\u00e4r med en hoj-semester i delar av det forna Warsawapakten. Att resans datum sen valdes till tidig h\u00f6st berodde dels p\u00e5 att Barry skulle ha polare i Wien och att alla hotell kanske inte \u00e4r fullbokade s\u00e5 man m\u00e5ste g\u00f6ra en minutplanerad resplan <span style=\"color:#777\"> . . . &rarr; Read More: <a href=\"https:\/\/vitarhojen.nu\/?p=60\">Upptakten<\/a><\/span><\/p>\n","protected":false},"author":1,"featured_media":0,"comment_status":"open","ping_status":"open","sticky":false,"template":"","format":"standard","meta":{"ngg_post_thumbnail":0,"footnotes":""},"categories":[4],"tags":[6,45],"class_list":["post-60","post","type-post","status-publish","format-standard","hentry","category-go-east-10","tag-go-east-10-2","tag-infor","odd"],"_links":{"self":[{"href":"https:\/\/vitarhojen.nu\/index.php?rest_route=\/wp\/v2\/posts\/60","targetHints":{"allow":["GET"]}}],"collection":[{"href":"https:\/\/vitarhojen.nu\/index.php?rest_route=\/wp\/v2\/posts"}],"about":[{"href":"https:\/\/vitarhojen.nu\/index.php?rest_route=\/wp\/v2\/types\/post"}],"author":[{"embeddable":true,"href":"https:\/\/vitarhojen.nu\/index.php?rest_route=\/wp\/v2\/users\/1"}],"replies":[{"embeddable":true,"href":"https:\/\/vitarhojen.nu\/index.php?rest_route=%2Fwp%2Fv2%2Fcomments&post=60"}],"version-history":[{"count":4,"href":"https:\/\/vitarhojen.nu\/index.php?rest_route=\/wp\/v2\/posts\/60\/revisions"}],"predecessor-version":[{"id":71,"href":"https:\/\/vitarhojen.nu\/index.php?rest_route=\/wp\/v2\/posts\/60\/revisions\/71"}],"wp:attachment":[{"href":"https:\/\/vitarhojen.nu\/index.php?rest_route=%2Fwp%2Fv2%2Fmedia&parent=60"}],"wp:term":[{"taxonomy":"category","embeddable":true,"href":"https:\/\/vitarhojen.nu\/index.php?rest_route=%2Fwp%2Fv2%2Fcategories&post=60"},{"taxonomy":"post_tag","embeddable":true,"href":"https:\/\/vitarhojen.nu\/index.php?rest_route=%2Fwp%2Fv2%2Ftags&post=60"}],"curies":[{"name":"wp","href":"https:\/\/api.w.org\/{rel}","templated":true}]}}